{"id":24,"date":"2025-09-18T10:19:18","date_gmt":"2025-09-18T08:19:18","guid":{"rendered":"https:\/\/partiradical-lyonmetropole.fr\/?p=24"},"modified":"2025-09-18T10:19:18","modified_gmt":"2025-09-18T08:19:18","slug":"naissance-de-radicalement-lyonnais","status":"publish","type":"post","link":"https:\/\/partiradical-lyonmetropole.fr\/index.php\/2025\/09\/18\/naissance-de-radicalement-lyonnais\/","title":{"rendered":"Naissance de         \u00ab\u00a0Radicalement Lyonnais\u00a0\u00bb"},"content":{"rendered":"\n<p>Cette nouvelle association loi 1901, se donne comme objet : de pr\u00e9server, de valoriser et de promouvoir l\u2019h\u00e9ritage du radicalisme historique et sa philosophie de gouvernance \u00e0 l\u2019image de l\u2019\u0153uvre d\u2019Edouard Herriot \u00e0 Lyon.<br>Pour ce faire elle peut recourir \u00e0 des publications, des conf\u00e9rences, des expositions et manifestations diverses facilitant cet objet.<\/p>\n\n\n\n<p><\/p>\n\n\n\n<p>La premi\u00e8re manifestation \u00e0 laquelle son pr\u00e9sident (\u00c9ric DAMITIO) prendra la parole sera une soir\u00e9e anniversaire \u00e0 la mairie du 6e arrondissement de Lyon, organis\u00e9e par\u00a0<strong>Herv\u00e9 Brun<\/strong>, adjoint \u00e0 la m\u00e9moire, aux anciens combattants et au commerce de proximit\u00e9. Ce sera en effet, les 120 ans de l&rsquo;arriv\u00e9e d&rsquo;\u00c9douard Herriot \u00e0 la Mairie de Lyon.<\/p>\n\n\n\n<p><\/p>\n","protected":false},"excerpt":{"rendered":"<p>Cette nouvelle association loi 1901, se donne comme objet : de pr\u00e9server, de valoriser et de promouvoir l\u2019h\u00e9ritage du radicalisme historique et sa philosophie de gouvernance \u00e0 l\u2019image de l\u2019\u0153uvre d\u2019Edouard Herriot \u00e0 Lyon.Pour ce faire elle peut recourir \u00e0 des publications, des conf\u00e9rences, des expositions et manifestations diverses facilitant cet objet. La premi\u00e8re manifestation [&hellip;]<\/p>\n","protected":false},"author":1,"featured_media":0,"comment_status":"open","ping_status":"open","sticky":false,"template":"","format":"standard","meta":{"footnotes":""},"categories":[1],"tags":[],"class_list":["post-24","post","type-post","status-publish","format-standard","hentry","category-non-classe"],"_links":{"self":[{"href":"https:\/\/partiradical-lyonmetropole.fr\/index.php\/wp-json\/wp\/v2\/posts\/24","targetHints":{"allow":["GET"]}}],"collection":[{"href":"https:\/\/partiradical-lyonmetropole.fr\/index.php\/wp-json\/wp\/v2\/posts"}],"about":[{"href":"https:\/\/partiradical-lyonmetropole.fr\/index.php\/wp-json\/wp\/v2\/types\/post"}],"author":[{"embeddable":true,"href":"https:\/\/partiradical-lyonmetropole.fr\/index.php\/wp-json\/wp\/v2\/users\/1"}],"replies":[{"embeddable":true,"href":"https:\/\/partiradical-lyonmetropole.fr\/index.php\/wp-json\/wp\/v2\/comments?post=24"}],"version-history":[{"count":1,"href":"https:\/\/partiradical-lyonmetropole.fr\/index.php\/wp-json\/wp\/v2\/posts\/24\/revisions"}],"predecessor-version":[{"id":25,"href":"https:\/\/partiradical-lyonmetropole.fr\/index.php\/wp-json\/wp\/v2\/posts\/24\/revisions\/25"}],"wp:attachment":[{"href":"https:\/\/partiradical-lyonmetropole.fr\/index.php\/wp-json\/wp\/v2\/media?parent=24"}],"wp:term":[{"taxonomy":"category","embeddable":true,"href":"https:\/\/partiradical-lyonmetropole.fr\/index.php\/wp-json\/wp\/v2\/categories?post=24"},{"taxonomy":"post_tag","embeddable":true,"href":"https:\/\/partiradical-lyonmetropole.fr\/index.php\/wp-json\/wp\/v2\/tags?post=24"}],"curies":[{"name":"wp","href":"https:\/\/api.w.org\/{rel}","templated":true}]}}