{"id":12,"date":"2025-06-04T09:00:50","date_gmt":"2025-06-04T07:00:50","guid":{"rendered":"https:\/\/partiradical-lyonmetropole.fr\/?p=12"},"modified":"2025-06-04T09:12:56","modified_gmt":"2025-06-04T07:12:56","slug":"nouveau-president","status":"publish","type":"post","link":"https:\/\/partiradical-lyonmetropole.fr\/index.php\/2025\/06\/04\/nouveau-president\/","title":{"rendered":"Nouveau Pr\u00e9sident"},"content":{"rendered":"\n<p>Le 13 mai 2025, lors de l&rsquo;Assembl\u00e9e G\u00e9n\u00e9rale ordinaire, Xavier Simond a \u00e9t\u00e9 \u00e9lu pr\u00e9sident de la F\u00e9d\u00e9ration Lyon et M\u00e9tropole du Parti Radical pour les trois prochaines ann\u00e9es.<\/p>\n\n\n\n<p><\/p>\n","protected":false},"excerpt":{"rendered":"<p>Le 13 mai 2025, lors de l&rsquo;Assembl\u00e9e G\u00e9n\u00e9rale ordinaire, Xavier Simond a \u00e9t\u00e9 \u00e9lu pr\u00e9sident de la F\u00e9d\u00e9ration Lyon et M\u00e9tropole du Parti Radical pour les trois prochaines ann\u00e9es.<\/p>\n","protected":false},"author":1,"featured_media":0,"comment_status":"open","ping_status":"open","sticky":false,"template":"","format":"standard","meta":{"footnotes":""},"categories":[1],"tags":[],"class_list":["post-12","post","type-post","status-publish","format-standard","hentry","category-non-classe"],"_links":{"self":[{"href":"https:\/\/partiradical-lyonmetropole.fr\/index.php\/wp-json\/wp\/v2\/posts\/12","targetHints":{"allow":["GET"]}}],"collection":[{"href":"https:\/\/partiradical-lyonmetropole.fr\/index.php\/wp-json\/wp\/v2\/posts"}],"about":[{"href":"https:\/\/partiradical-lyonmetropole.fr\/index.php\/wp-json\/wp\/v2\/types\/post"}],"author":[{"embeddable":true,"href":"https:\/\/partiradical-lyonmetropole.fr\/index.php\/wp-json\/wp\/v2\/users\/1"}],"replies":[{"embeddable":true,"href":"https:\/\/partiradical-lyonmetropole.fr\/index.php\/wp-json\/wp\/v2\/comments?post=12"}],"version-history":[{"count":2,"href":"https:\/\/partiradical-lyonmetropole.fr\/index.php\/wp-json\/wp\/v2\/posts\/12\/revisions"}],"predecessor-version":[{"id":16,"href":"https:\/\/partiradical-lyonmetropole.fr\/index.php\/wp-json\/wp\/v2\/posts\/12\/revisions\/16"}],"wp:attachment":[{"href":"https:\/\/partiradical-lyonmetropole.fr\/index.php\/wp-json\/wp\/v2\/media?parent=12"}],"wp:term":[{"taxonomy":"category","embeddable":true,"href":"https:\/\/partiradical-lyonmetropole.fr\/index.php\/wp-json\/wp\/v2\/categories?post=12"},{"taxonomy":"post_tag","embeddable":true,"href":"https:\/\/partiradical-lyonmetropole.fr\/index.php\/wp-json\/wp\/v2\/tags?post=12"}],"curies":[{"name":"wp","href":"https:\/\/api.w.org\/{rel}","templated":true}]}}